{"id":232,"date":"2023-07-06T13:12:58","date_gmt":"2023-07-06T11:12:58","guid":{"rendered":"https:\/\/innyslask.pl\/?p=232"},"modified":"2023-07-06T13:19:25","modified_gmt":"2023-07-06T11:19:25","slug":"pralnia-w-galerii","status":"publish","type":"post","link":"https:\/\/innyslask.pl\/?p=232","title":{"rendered":"Pralnia w Galerii"},"content":{"rendered":"\n<p>laba pot. \u00abczas wolny od pracy, zaj\u0119\u0107 i obowi\u0105zk\u00f3w, pr\u00f3\u017cnowanie, leniuchowanie\u00bb<\/p>\n\n\n\n<p>Dwie sylaby w s\u0142owie laba bardzo dobrze odzwierciedlaj\u0105 to, jak szybko mija ka\u017cdy czas urlopowy. Niemniej, w my\u015bl naszych maksymalistycznych zasad, za cel postawili\u015bmy sobie, aby w tak kr\u00f3tkim okresie zmie\u015bci\u0107 jak najwi\u0119cej wydarze\u0144 kulturalnych! Labowa\u0107 b\u0119dziemy zar\u00f3wno wewn\u0105trz Galerii, jak i jej, specjalnie zaaran\u017cowanym na nasze wydarzenia podw\u00f3rku, a tak\u017ce tajemniczej przestrzeni, kt\u00f3rej zupe\u0142nie nowy wymiar poznacie w\u0142a\u015bnie tego lata.<\/p>\n\n\n\n<p>Z tego pragnienia powsta\u0142a Laba, czyli cykl letnich spotka\u0144 w tarnog\u00f3rskich przestrzeniach \u015bci\u015ble zwi\u0105zanych z kultur\u0105. Przed Wami liczne koncerty, pokazy film\u00f3w, otwarty mikrofon, wydarzenia performatywne i wernisa\u017c.<\/p>\n\n\n\n<p>Zapraszamy Was do sk\u0105pania si\u0119 w promykach sztuki podczas wakacyjnych spotka\u0144. Organizator: PRALNIA. Zadanie dofinansowane ze \u015brodk\u00f3w Gminy Tarnowskie G\u00f3ry<\/p>\n\n\n\n<p><strong>Lipiec<\/strong><br>07\/07 l 20:00 l Galeria Sztuki \u201cInny \u015al\u0105sk\u201d l OTWARCIE LABY: Pralnia Open<br>08\/07 l 20:00 l Galeria Sztuki \u201cInny \u015al\u0105sk\u201d l KONCERT: Hugayz<br>22\/07 l 20:00 l Galeria Sztuki \u201cInny \u015al\u0105sk\u201d l WERNISA\u017b: Wystawa \u201cDrzwi Zamkni\u0119te\u201d<\/p>\n\n\n\n<p><strong>Sierpie\u0144:<\/strong><br>11\/08 l 20:00 l Galeria Sztuki \u201cInny \u015al\u0105sk\u201d l SPOTKANIE AUTORSKIE: Olga Rembieli\u0144ska + Warsztaty \u201cPisanie Kolektywne\u201d<br>25\/08 l 20:00 l Galeria Sztuki \u201cInny \u015al\u0105sk\u201d l POKAZ FILM\u00d3W KR\u00d3TKOMETRA\u017bOWYCH<br>26\/08 l 20:00 l Galeria Sztuki \u201cInny \u015al\u0105sk\u201d l KONCERT: Color Blue<\/p>\n\n\n\n<p>WST\u0118P WOLNY<\/p>\n\n\n\n<figure class=\"wp-block-image size-full\"><img loading=\"lazy\" decoding=\"async\" width=\"468\" height=\"665\" src=\"https:\/\/innyslask.pl\/wp-content\/uploads\/2023\/07\/358089105_702383731900319_8000524162370981273_n.jpeg\" alt=\"\" class=\"wp-image-233\" srcset=\"https:\/\/innyslask.pl\/wp-content\/uploads\/2023\/07\/358089105_702383731900319_8000524162370981273_n.jpeg 468w, https:\/\/innyslask.pl\/wp-content\/uploads\/2023\/07\/358089105_702383731900319_8000524162370981273_n-211x300.jpeg 211w\" sizes=\"auto, (max-width: 468px) 100vw, 468px\" \/><\/figure>\n","protected":false},"excerpt":{"rendered":"<p>laba pot. \u00abczas wolny od pracy, zaj\u0119\u0107 i obowi\u0105zk\u00f3w, pr\u00f3\u017cnowanie, leniuchowanie\u00bb Dwie sylaby w s\u0142owie laba bardzo dobrze odzwierciedlaj\u0105 to, jak szybko mija ka\u017cdy czas urlopowy. Niemniej, w my\u015bl naszych maksymalistycznych zasad, za cel postawili\u015bmy sobie, aby w tak kr\u00f3tkim okresie zmie\u015bci\u0107 jak najwi\u0119cej wydarze\u0144 kulturalnych! Labowa\u0107 b\u0119dziemy zar\u00f3wno wewn\u0105trz Galerii, jak i jej, specjalnie [&hellip;]<\/p>\n","protected":false},"author":1,"featured_media":0,"comment_status":"open","ping_status":"open","sticky":false,"template":"","format":"standard","meta":{"om_disable_all_campaigns":false,"_monsterinsights_skip_tracking":false,"_monsterinsights_sitenote_active":false,"_monsterinsights_sitenote_note":"","_monsterinsights_sitenote_category":0,"footnotes":""},"categories":[1],"tags":[],"class_list":["post-232","post","type-post","status-publish","format-standard","hentry","category-bez-kategorii"],"aioseo_notices":[],"_links":{"self":[{"href":"https:\/\/innyslask.pl\/index.php?rest_route=\/wp\/v2\/posts\/232","targetHints":{"allow":["GET"]}}],"collection":[{"href":"https:\/\/innyslask.pl\/index.php?rest_route=\/wp\/v2\/posts"}],"about":[{"href":"https:\/\/innyslask.pl\/index.php?rest_route=\/wp\/v2\/types\/post"}],"author":[{"embeddable":true,"href":"https:\/\/innyslask.pl\/index.php?rest_route=\/wp\/v2\/users\/1"}],"replies":[{"embeddable":true,"href":"https:\/\/innyslask.pl\/index.php?rest_route=%2Fwp%2Fv2%2Fcomments&post=232"}],"version-history":[{"count":2,"href":"https:\/\/innyslask.pl\/index.php?rest_route=\/wp\/v2\/posts\/232\/revisions"}],"predecessor-version":[{"id":236,"href":"https:\/\/innyslask.pl\/index.php?rest_route=\/wp\/v2\/posts\/232\/revisions\/236"}],"wp:attachment":[{"href":"https:\/\/innyslask.pl\/index.php?rest_route=%2Fwp%2Fv2%2Fmedia&parent=232"}],"wp:term":[{"taxonomy":"category","embeddable":true,"href":"https:\/\/innyslask.pl\/index.php?rest_route=%2Fwp%2Fv2%2Fcategories&post=232"},{"taxonomy":"post_tag","embeddable":true,"href":"https:\/\/innyslask.pl\/index.php?rest_route=%2Fwp%2Fv2%2Ftags&post=232"}],"curies":[{"name":"wp","href":"https:\/\/api.w.org\/{rel}","templated":true}]}}