{"id":239,"date":"2023-09-04T19:01:16","date_gmt":"2023-09-04T17:01:16","guid":{"rendered":"https:\/\/innyslask.pl\/?p=239"},"modified":"2023-09-04T19:01:51","modified_gmt":"2023-09-04T17:01:51","slug":"wystawa-richarda-tabaki","status":"publish","type":"post","link":"https:\/\/innyslask.pl\/?p=239","title":{"rendered":"Wystawa Richarda Tabaki"},"content":{"rendered":"\n<p class=\"has-text-align-center has-large-font-size\">Nowa wystawa w Galerii!<br><strong>RICHARD TABAKA<br>&#8220;INDIGENOUS LAND&#8221; <\/strong><br>Wizualna opowie\u015b\u0107 o Australii<br>Otwarcie 6 IX 2023 <br>Wystawa potrwa do 22 X 2023<br>Wst\u0119p wolny, zapraszamy serdecznie!<\/p>\n\n\n\n<figure class=\"wp-block-image alignwide size-full\"><img loading=\"lazy\" decoding=\"async\" width=\"859\" height=\"611\" src=\"https:\/\/innyslask.pl\/wp-content\/uploads\/2023\/09\/INDIGENOUS-LAND_zaproszenie.jpg\" alt=\"\" class=\"wp-image-240\" srcset=\"https:\/\/innyslask.pl\/wp-content\/uploads\/2023\/09\/INDIGENOUS-LAND_zaproszenie.jpg 859w, https:\/\/innyslask.pl\/wp-content\/uploads\/2023\/09\/INDIGENOUS-LAND_zaproszenie-300x213.jpg 300w, https:\/\/innyslask.pl\/wp-content\/uploads\/2023\/09\/INDIGENOUS-LAND_zaproszenie-768x546.jpg 768w\" sizes=\"auto, (max-width: 859px) 100vw, 859px\" \/><\/figure>\n\n\n\n<figure class=\"wp-block-gallery alignwide has-nested-images columns-default is-cropped wp-block-gallery-1 is-layout-flex wp-block-gallery-is-layout-flex\">\n<figure class=\"wp-block-image size-large\"><img loading=\"lazy\" decoding=\"async\" width=\"768\" height=\"1024\" data-id=\"241\" src=\"https:\/\/innyslask.pl\/wp-content\/uploads\/2023\/09\/WhatsApp-Image-2023-09-04-at-18.29.04-768x1024.jpeg\" alt=\"\" class=\"wp-image-241\" srcset=\"https:\/\/innyslask.pl\/wp-content\/uploads\/2023\/09\/WhatsApp-Image-2023-09-04-at-18.29.04-768x1024.jpeg 768w, https:\/\/innyslask.pl\/wp-content\/uploads\/2023\/09\/WhatsApp-Image-2023-09-04-at-18.29.04-225x300.jpeg 225w, https:\/\/innyslask.pl\/wp-content\/uploads\/2023\/09\/WhatsApp-Image-2023-09-04-at-18.29.04-1152x1536.jpeg 1152w, https:\/\/innyslask.pl\/wp-content\/uploads\/2023\/09\/WhatsApp-Image-2023-09-04-at-18.29.04.jpeg 1200w\" sizes=\"auto, (max-width: 768px) 100vw, 768px\" \/><\/figure>\n\n\n\n<figure class=\"wp-block-image size-large\"><img loading=\"lazy\" decoding=\"async\" width=\"1024\" height=\"768\" data-id=\"244\" src=\"https:\/\/innyslask.pl\/wp-content\/uploads\/2023\/09\/WhatsApp-Image-2023-09-04-at-18.29.03-1024x768.jpeg\" alt=\"\" class=\"wp-image-244\" srcset=\"https:\/\/innyslask.pl\/wp-content\/uploads\/2023\/09\/WhatsApp-Image-2023-09-04-at-18.29.03-1024x768.jpeg 1024w, https:\/\/innyslask.pl\/wp-content\/uploads\/2023\/09\/WhatsApp-Image-2023-09-04-at-18.29.03-300x225.jpeg 300w, https:\/\/innyslask.pl\/wp-content\/uploads\/2023\/09\/WhatsApp-Image-2023-09-04-at-18.29.03-768x576.jpeg 768w, https:\/\/innyslask.pl\/wp-content\/uploads\/2023\/09\/WhatsApp-Image-2023-09-04-at-18.29.03-1536x1152.jpeg 1536w, https:\/\/innyslask.pl\/wp-content\/uploads\/2023\/09\/WhatsApp-Image-2023-09-04-at-18.29.03.jpeg 1600w\" sizes=\"auto, (max-width: 1024px) 100vw, 1024px\" \/><\/figure>\n\n\n\n<figure class=\"wp-block-image size-large\"><img loading=\"lazy\" decoding=\"async\" width=\"1024\" height=\"768\" data-id=\"243\" src=\"https:\/\/innyslask.pl\/wp-content\/uploads\/2023\/09\/WhatsApp-Image-2023-09-04-at-18.29.03-2-1024x768.jpeg\" alt=\"\" class=\"wp-image-243\" srcset=\"https:\/\/innyslask.pl\/wp-content\/uploads\/2023\/09\/WhatsApp-Image-2023-09-04-at-18.29.03-2-1024x768.jpeg 1024w, https:\/\/innyslask.pl\/wp-content\/uploads\/2023\/09\/WhatsApp-Image-2023-09-04-at-18.29.03-2-300x225.jpeg 300w, https:\/\/innyslask.pl\/wp-content\/uploads\/2023\/09\/WhatsApp-Image-2023-09-04-at-18.29.03-2-768x576.jpeg 768w, https:\/\/innyslask.pl\/wp-content\/uploads\/2023\/09\/WhatsApp-Image-2023-09-04-at-18.29.03-2-1536x1152.jpeg 1536w, https:\/\/innyslask.pl\/wp-content\/uploads\/2023\/09\/WhatsApp-Image-2023-09-04-at-18.29.03-2.jpeg 1600w\" sizes=\"auto, (max-width: 1024px) 100vw, 1024px\" \/><\/figure>\n\n\n\n<figure class=\"wp-block-image size-large\"><img loading=\"lazy\" decoding=\"async\" width=\"768\" height=\"1024\" data-id=\"247\" src=\"https:\/\/innyslask.pl\/wp-content\/uploads\/2023\/09\/WhatsApp-Image-2023-09-04-at-18.29.03-1-768x1024.jpeg\" alt=\"\" class=\"wp-image-247\" srcset=\"https:\/\/innyslask.pl\/wp-content\/uploads\/2023\/09\/WhatsApp-Image-2023-09-04-at-18.29.03-1-768x1024.jpeg 768w, https:\/\/innyslask.pl\/wp-content\/uploads\/2023\/09\/WhatsApp-Image-2023-09-04-at-18.29.03-1-225x300.jpeg 225w, https:\/\/innyslask.pl\/wp-content\/uploads\/2023\/09\/WhatsApp-Image-2023-09-04-at-18.29.03-1-1152x1536.jpeg 1152w, https:\/\/innyslask.pl\/wp-content\/uploads\/2023\/09\/WhatsApp-Image-2023-09-04-at-18.29.03-1.jpeg 1200w\" sizes=\"auto, (max-width: 768px) 100vw, 768px\" \/><\/figure>\n\n\n\n<figure class=\"wp-block-image size-large\"><img loading=\"lazy\" decoding=\"async\" width=\"768\" height=\"1024\" data-id=\"246\" src=\"https:\/\/innyslask.pl\/wp-content\/uploads\/2023\/09\/WhatsApp-Image-2023-09-04-at-18.29.02-768x1024.jpeg\" alt=\"\" class=\"wp-image-246\" srcset=\"https:\/\/innyslask.pl\/wp-content\/uploads\/2023\/09\/WhatsApp-Image-2023-09-04-at-18.29.02-768x1024.jpeg 768w, https:\/\/innyslask.pl\/wp-content\/uploads\/2023\/09\/WhatsApp-Image-2023-09-04-at-18.29.02-225x300.jpeg 225w, https:\/\/innyslask.pl\/wp-content\/uploads\/2023\/09\/WhatsApp-Image-2023-09-04-at-18.29.02-1152x1536.jpeg 1152w, https:\/\/innyslask.pl\/wp-content\/uploads\/2023\/09\/WhatsApp-Image-2023-09-04-at-18.29.02.jpeg 1200w\" sizes=\"auto, (max-width: 768px) 100vw, 768px\" \/><\/figure>\n\n\n\n<figure class=\"wp-block-image size-large\"><img loading=\"lazy\" decoding=\"async\" width=\"768\" height=\"1024\" data-id=\"242\" src=\"https:\/\/innyslask.pl\/wp-content\/uploads\/2023\/09\/WhatsApp-Image-2023-09-04-at-18.29.00-768x1024.jpeg\" alt=\"\" class=\"wp-image-242\" srcset=\"https:\/\/innyslask.pl\/wp-content\/uploads\/2023\/09\/WhatsApp-Image-2023-09-04-at-18.29.00-768x1024.jpeg 768w, https:\/\/innyslask.pl\/wp-content\/uploads\/2023\/09\/WhatsApp-Image-2023-09-04-at-18.29.00-225x300.jpeg 225w, https:\/\/innyslask.pl\/wp-content\/uploads\/2023\/09\/WhatsApp-Image-2023-09-04-at-18.29.00-1152x1536.jpeg 1152w, https:\/\/innyslask.pl\/wp-content\/uploads\/2023\/09\/WhatsApp-Image-2023-09-04-at-18.29.00.jpeg 1200w\" sizes=\"auto, (max-width: 768px) 100vw, 768px\" \/><\/figure>\n\n\n\n<figure class=\"wp-block-image size-large\"><img loading=\"lazy\" decoding=\"async\" width=\"768\" height=\"1024\" data-id=\"245\" src=\"https:\/\/innyslask.pl\/wp-content\/uploads\/2023\/09\/WhatsApp-Image-2023-09-04-at-18.28.57-768x1024.jpeg\" alt=\"\" class=\"wp-image-245\" srcset=\"https:\/\/innyslask.pl\/wp-content\/uploads\/2023\/09\/WhatsApp-Image-2023-09-04-at-18.28.57-768x1024.jpeg 768w, https:\/\/innyslask.pl\/wp-content\/uploads\/2023\/09\/WhatsApp-Image-2023-09-04-at-18.28.57-225x300.jpeg 225w, https:\/\/innyslask.pl\/wp-content\/uploads\/2023\/09\/WhatsApp-Image-2023-09-04-at-18.28.57-1152x1536.jpeg 1152w, https:\/\/innyslask.pl\/wp-content\/uploads\/2023\/09\/WhatsApp-Image-2023-09-04-at-18.28.57.jpeg 1200w\" sizes=\"auto, (max-width: 768px) 100vw, 768px\" \/><\/figure>\n\n\n\n<figure class=\"wp-block-image size-large\"><img loading=\"lazy\" decoding=\"async\" width=\"768\" height=\"1024\" data-id=\"248\" src=\"https:\/\/innyslask.pl\/wp-content\/uploads\/2023\/09\/WhatsApp-Image-2023-09-04-at-18.28.55-768x1024.jpeg\" alt=\"\" class=\"wp-image-248\" srcset=\"https:\/\/innyslask.pl\/wp-content\/uploads\/2023\/09\/WhatsApp-Image-2023-09-04-at-18.28.55-768x1024.jpeg 768w, https:\/\/innyslask.pl\/wp-content\/uploads\/2023\/09\/WhatsApp-Image-2023-09-04-at-18.28.55-225x300.jpeg 225w, https:\/\/innyslask.pl\/wp-content\/uploads\/2023\/09\/WhatsApp-Image-2023-09-04-at-18.28.55-1152x1536.jpeg 1152w, https:\/\/innyslask.pl\/wp-content\/uploads\/2023\/09\/WhatsApp-Image-2023-09-04-at-18.28.55.jpeg 1200w\" sizes=\"auto, (max-width: 768px) 100vw, 768px\" \/><\/figure>\n<\/figure>\n","protected":false},"excerpt":{"rendered":"<p>Nowa wystawa w Galerii!RICHARD TABAKA&#8220;INDIGENOUS LAND&#8221; Wizualna opowie\u015b\u0107 o AustraliiOtwarcie 6 IX 2023 Wystawa potrwa do 22 X 2023Wst\u0119p wolny, zapraszamy serdecznie!<\/p>\n","protected":false},"author":1,"featured_media":0,"comment_status":"open","ping_status":"open","sticky":false,"template":"","format":"standard","meta":{"om_disable_all_campaigns":false,"_monsterinsights_skip_tracking":false,"_monsterinsights_sitenote_active":false,"_monsterinsights_sitenote_note":"","_monsterinsights_sitenote_category":0,"footnotes":""},"categories":[1],"tags":[],"class_list":["post-239","post","type-post","status-publish","format-standard","hentry","category-bez-kategorii"],"aioseo_notices":[],"_links":{"self":[{"href":"https:\/\/innyslask.pl\/index.php?rest_route=\/wp\/v2\/posts\/239","targetHints":{"allow":["GET"]}}],"collection":[{"href":"https:\/\/innyslask.pl\/index.php?rest_route=\/wp\/v2\/posts"}],"about":[{"href":"https:\/\/innyslask.pl\/index.php?rest_route=\/wp\/v2\/types\/post"}],"author":[{"embeddable":true,"href":"https:\/\/innyslask.pl\/index.php?rest_route=\/wp\/v2\/users\/1"}],"replies":[{"embeddable":true,"href":"https:\/\/innyslask.pl\/index.php?rest_route=%2Fwp%2Fv2%2Fcomments&post=239"}],"version-history":[{"count":1,"href":"https:\/\/innyslask.pl\/index.php?rest_route=\/wp\/v2\/posts\/239\/revisions"}],"predecessor-version":[{"id":249,"href":"https:\/\/innyslask.pl\/index.php?rest_route=\/wp\/v2\/posts\/239\/revisions\/249"}],"wp:attachment":[{"href":"https:\/\/innyslask.pl\/index.php?rest_route=%2Fwp%2Fv2%2Fmedia&parent=239"}],"wp:term":[{"taxonomy":"category","embeddable":true,"href":"https:\/\/innyslask.pl\/index.php?rest_route=%2Fwp%2Fv2%2Fcategories&post=239"},{"taxonomy":"post_tag","embeddable":true,"href":"https:\/\/innyslask.pl\/index.php?rest_route=%2Fwp%2Fv2%2Ftags&post=239"}],"curies":[{"name":"wp","href":"https:\/\/api.w.org\/{rel}","templated":true}]}}