{"id":265,"date":"2023-12-22T16:09:59","date_gmt":"2023-12-22T15:09:59","guid":{"rendered":"https:\/\/innyslask.pl\/?p=265"},"modified":"2023-12-22T16:10:01","modified_gmt":"2023-12-22T15:10:01","slug":"godziny-otwarcia-galerii-w-okresie-swiatecznym","status":"publish","type":"post","link":"https:\/\/innyslask.pl\/?p=265","title":{"rendered":"Godziny otwarcia Galerii w okresie \u015bwi\u0105tecznym"},"content":{"rendered":"\n<p>Ho, ho, ho! <img loading=\"lazy\" decoding=\"async\" height=\"16\" width=\"16\" alt=\"\ud83c\udf84\" src=\"https:\/\/static.xx.fbcdn.net\/images\/emoji.php\/v9\/t7\/1\/16\/1f384.png\"> Oto godziny otwarcia Galerii w okresie \u015bwi\u0105tecznym:<\/p>\n\n\n\n<p><img loading=\"lazy\" decoding=\"async\" height=\"16\" width=\"16\" src=\"https:\/\/static.xx.fbcdn.net\/images\/emoji.php\/v9\/tb4\/1\/16\/2b50.png\" alt=\"\u2b50\ufe0f\"><strong>24.12 \/Wigilia\/ od 21:00<br><img loading=\"lazy\" decoding=\"async\" height=\"16\" width=\"16\" src=\"https:\/\/static.xx.fbcdn.net\/images\/emoji.php\/v9\/tb4\/1\/16\/2b50.png\" alt=\"\u2b50\ufe0f\">25.12 \/Bo\u017ce Narodzenie\/ od 19:00<br><img loading=\"lazy\" decoding=\"async\" height=\"16\" width=\"16\" src=\"https:\/\/static.xx.fbcdn.net\/images\/emoji.php\/v9\/tb4\/1\/16\/2b50.png\" alt=\"\u2b50\ufe0f\">26.12 \/Drugi dzie\u0144 \u015bwi\u0105t\/ od 19:00<br><img loading=\"lazy\" decoding=\"async\" height=\"16\" width=\"16\" src=\"https:\/\/static.xx.fbcdn.net\/images\/emoji.php\/v9\/tb4\/1\/16\/2b50.png\" alt=\"\u2b50\ufe0f\">27.12-30.12 \/\u015broda-sobota\/ 13:00-16:00 i od 19:00<br><img loading=\"lazy\" decoding=\"async\" height=\"16\" width=\"16\" src=\"https:\/\/static.xx.fbcdn.net\/images\/emoji.php\/v9\/tb4\/1\/16\/2b50.png\" alt=\"\u2b50\ufe0f\">31.12 \/Sylwester\/ od 19:00<br><img loading=\"lazy\" decoding=\"async\" height=\"16\" width=\"16\" src=\"https:\/\/static.xx.fbcdn.net\/images\/emoji.php\/v9\/tb4\/1\/16\/2b50.png\" alt=\"\u2b50\ufe0f\">1.01 \/Nowy Rok\/ od 19:00<\/strong><\/p>\n\n\n\n<p>Serdecznie zapraszamy! Mamy ju\u017c choink\u0119, a na \u015bcianach wisi przepi\u0119kna wystawa Macieja Gryglaszewskiego (czynna do ko\u0144ca stycznia 2024).<\/p>\n","protected":false},"excerpt":{"rendered":"<p>Ho, ho, ho! Oto godziny otwarcia Galerii w okresie \u015bwi\u0105tecznym: 24.12 \/Wigilia\/ od 21:0025.12 \/Bo\u017ce Narodzenie\/ od 19:0026.12 \/Drugi dzie\u0144 \u015bwi\u0105t\/ od 19:0027.12-30.12 \/\u015broda-sobota\/ 13:00-16:00 i od 19:0031.12 \/Sylwester\/ od 19:001.01 \/Nowy Rok\/ od 19:00 Serdecznie zapraszamy! Mamy ju\u017c choink\u0119, a na \u015bcianach wisi przepi\u0119kna wystawa Macieja Gryglaszewskiego (czynna do ko\u0144ca stycznia 2024).<\/p>\n","protected":false},"author":1,"featured_media":0,"comment_status":"open","ping_status":"open","sticky":false,"template":"","format":"standard","meta":{"om_disable_all_campaigns":false,"_monsterinsights_skip_tracking":false,"_monsterinsights_sitenote_active":false,"_monsterinsights_sitenote_note":"","_monsterinsights_sitenote_category":0,"footnotes":""},"categories":[1],"tags":[],"class_list":["post-265","post","type-post","status-publish","format-standard","hentry","category-bez-kategorii"],"aioseo_notices":[],"_links":{"self":[{"href":"https:\/\/innyslask.pl\/index.php?rest_route=\/wp\/v2\/posts\/265","targetHints":{"allow":["GET"]}}],"collection":[{"href":"https:\/\/innyslask.pl\/index.php?rest_route=\/wp\/v2\/posts"}],"about":[{"href":"https:\/\/innyslask.pl\/index.php?rest_route=\/wp\/v2\/types\/post"}],"author":[{"embeddable":true,"href":"https:\/\/innyslask.pl\/index.php?rest_route=\/wp\/v2\/users\/1"}],"replies":[{"embeddable":true,"href":"https:\/\/innyslask.pl\/index.php?rest_route=%2Fwp%2Fv2%2Fcomments&post=265"}],"version-history":[{"count":1,"href":"https:\/\/innyslask.pl\/index.php?rest_route=\/wp\/v2\/posts\/265\/revisions"}],"predecessor-version":[{"id":266,"href":"https:\/\/innyslask.pl\/index.php?rest_route=\/wp\/v2\/posts\/265\/revisions\/266"}],"wp:attachment":[{"href":"https:\/\/innyslask.pl\/index.php?rest_route=%2Fwp%2Fv2%2Fmedia&parent=265"}],"wp:term":[{"taxonomy":"category","embeddable":true,"href":"https:\/\/innyslask.pl\/index.php?rest_route=%2Fwp%2Fv2%2Fcategories&post=265"},{"taxonomy":"post_tag","embeddable":true,"href":"https:\/\/innyslask.pl\/index.php?rest_route=%2Fwp%2Fv2%2Ftags&post=265"}],"curies":[{"name":"wp","href":"https:\/\/api.w.org\/{rel}","templated":true}]}}