{"id":268,"date":"2024-02-01T19:39:23","date_gmt":"2024-02-01T18:39:23","guid":{"rendered":"https:\/\/innyslask.pl\/?p=268"},"modified":"2024-02-06T12:24:10","modified_gmt":"2024-02-06T11:24:10","slug":"hranica-wystawa-malarstwa","status":"publish","type":"post","link":"https:\/\/innyslask.pl\/?p=268","title":{"rendered":"HRANICA &#8211; wystawa malarstwa"},"content":{"rendered":"\n<figure class=\"wp-block-image alignwide size-large\"><img loading=\"lazy\" decoding=\"async\" width=\"1024\" height=\"731\" src=\"https:\/\/innyslask.pl\/wp-content\/uploads\/2024\/02\/PLAKAT-GOTOWY-50X70-1024x731.jpg\" alt=\"\" class=\"wp-image-269\" srcset=\"https:\/\/innyslask.pl\/wp-content\/uploads\/2024\/02\/PLAKAT-GOTOWY-50X70-1024x731.jpg 1024w, https:\/\/innyslask.pl\/wp-content\/uploads\/2024\/02\/PLAKAT-GOTOWY-50X70-300x214.jpg 300w, https:\/\/innyslask.pl\/wp-content\/uploads\/2024\/02\/PLAKAT-GOTOWY-50X70-768x549.jpg 768w, https:\/\/innyslask.pl\/wp-content\/uploads\/2024\/02\/PLAKAT-GOTOWY-50X70-1536x1097.jpg 1536w, https:\/\/innyslask.pl\/wp-content\/uploads\/2024\/02\/PLAKAT-GOTOWY-50X70-2048x1463.jpg 2048w\" sizes=\"auto, (max-width: 1024px) 100vw, 1024px\" \/><\/figure>\n\n\n\n<p><strong>Zapraszamy na wernisa\u017c wystawy malarstwa Rolanda Neupauera &#8211; HRANICA.<br>10 lutego 2024, godz. 18:00, wst\u0119p wolny.<\/strong><\/p>\n\n\n\n<p>Na wystaw\u0119 w uznanej w \u015bwiatowej skali i ju\u017c dzi\u015b kultowej Galerii Sztuki Wsp\u00f3\u0142czesnej Krzysztofa Mazika &#8220;INNY \u015aL\u0104SK&#8221;, z\u0142o\u017cy si\u0119 kilkana\u015bcie obraz\u00f3w na p\u0142\u00f3tnach r\u00f3\u017cnego formatu i kszta\u0142tu, w technice nawi\u0105zuj\u0105cej do tape art, z wykorzystaniem farb akrylowych i r\u00f3\u017cnorakich tekstur. Tyle o technice m\u00f3wi sam autor projektu, <strong>Roland Neupauer<\/strong>, s\u0142owacko &#8211; w\u0119gierski artysta, kt\u00f3ry urodzi\u0142 si\u0119 w otoczonej g\u00f3rami Ro\u017e\u0148avie (S\u0142owacja), a kt\u00f3ry aktualnie \u017cyje i tworzy w Kr\u00e1snohorsk\u00e9 Podhradie. W latach 1994-1998 w Szkole Sztuki U\u017cytkowej w Koszycach studiowa\u0142 grafik\u0119. W latach 1998-2004 studiowa\u0142 na Akademii Sztuk Pi\u0119knych w Bratys\u0142awie na kierunku malarstwo, pod opiek\u0105 artystyczn\u0105 prof. Jana Bergera i prof. Rudolfa Sikory, uzyskuj\u0105c tytu\u0142 magistra sztuki. W roku 2003 przebywa\u0142 na wymianie studenckiej w ASP w Poznaniu. Od 2004 roku w domu socjalnym &#8220;Amalia&#8221; w Ro\u017e\u0148avie, prowadzi\u0142 zaj\u0119cia arteterapii dla dzieci i m\u0142odzie\u017cy z mentalnymi i fizycznymi upo\u015bledzeniami, a w szpitalu prowadzi\u0142 zaj\u0119cia arteterapii dla os\u00f3b doros\u0142ych z r\u00f3\u017cnego rodzaju upo\u015bledzeniami. Mniej wi\u0119cej w tym czasie w szkole zak\u0142adnej (Z\u015a), uczy\u0142 sztuki w zakresie podstawowym oraz tak\u017ce wychowania fizycznego. W tym okresie wsp\u00f3\u0142pracowa\u0142 te\u017c z alternatywnym teatrem &#8220;Actores&#8221; w Ro\u017e\u0148avie buduj\u0105c scenografie np. do &#8220;Mefisto, Faust a Wagner&#8221;, &#8220;Czekanie na Godota&#8221;, oraz interpretacje bajek, np. &#8220;Pinokio&#8221;. W latach 2007-2010 w \u015bredniej artystycznej szkole w Ke\u017emarok wyk\u0142ada\u0142 sztuk\u0119. Uczestniczy\u0142 w licznych artystycznych akcjach, wystawach oraz mi\u0119dzynarodowych plenerach i sympozjach. Jest autorem wielu autorskich projekt\u00f3w, mi\u0119dzy innymi &#8220;Time loop&#8221; \/ &#8220;P\u0119tla czasu&#8221;, w kt\u00f3rym poprzez malarskie medium opowiada o inspiracjach pomi\u0119dzy naturalnym krajobrazem a cywilizacj\u0105 mechanizm\u00f3w rynkowych i kryptowalut, kt\u00f3re staj\u0105 si\u0119 si\u0142\u0105 nap\u0119dow\u0105 konstrukcji i dekonstrukcji obraz\u00f3w, gdzie na tle wyrazistych wybuch\u00f3w koloru narasta masa iluzorycznej geometrii. Najnowsze cykle prac realizowane w technice wywodz\u0105cej si\u0119 ze sztuki ta\u015bmowej \/ tape art, w ideologii nawi\u0105zuj\u0105ce do problematyki spo\u0142ecznej, szeroko poj\u0119tej izolacji oraz wynikaj\u0105cej z niej samotno\u015bci. Tw\u00f3rca, sam w swojej &#8220;piwnicy&#8221; (&#8220;Cellar&#8221;), tworzy subiektywny obraz \u015bwiata, zdominowanego przez nowe media, wirtualno\u015b\u0107, rzeczywisto\u015b\u0107 fikcyjn\u0105.<\/p>\n\n\n\n<p>Po sko\u0144czonych studiach sytuacja zdrowotna (SM) artysty zdominowa\u0142a jego \u017cycie. Zosta\u0142 zmuszony do powrotu do domu rodzinnego i rezygnacji z wi\u0119kszo\u015bci plan\u00f3w. Mimo fizycznych przeszk\u00f3d, pozostaje aktywny tw\u00f3rczo i dzi\u0119ki konsekwentnej ci\u0119\u017ckiej i regularnej pracy i wysi\u0142kowi, jest dzi\u015b uznanym na mi\u0119dzynarodow\u0105 skal\u0119 artyst\u0105, a jego prace wchodz\u0105 w sk\u0142ad wa\u017cnych kolekcji prywatnych oraz muze\u00f3w i galerii (np. Galeria Banickiego Muzea w Ro\u017e\u0148avie, w Krnov w Czechach, w zbiorach Galerii &#8220;X&#8221; Politechniki \u015al\u0105skiej w Gliwicach).<br><br>W aktualnie przygotowywanej wystawie dla Galerii Sztuki &#8220;INNY \u015aL\u0104SK&#8221; w Tarnowskich G\u00f3rach pt. &#8220;Hranica&#8221; \/ &#8220;Granica&#8221;, Roland Neupauer w bezpo\u015bredni i do\u015b\u0107 swobodny spos\u00f3b nawi\u0105zuje do poprzedniego cyklu prac &#8220;Cellar&#8221; \/ &#8220;Piwnica&#8221;, w kt\u00f3rym m\u00f3wi o izolacji spo\u0142ecznej spowodowanej r\u00f3\u017cnymi czynnikami.<\/p>\n\n\n\n<p><em>&#8220;Mam tutaj konkretnie na my\u015bli izolacj\u0119 od otaczaj\u0105cego \u015bwiata z powodu nie tylko covid, ale te\u017c z powodu mojego stanu zdrowia (SM). Ograniczenie, zdeterminowanie przestrzenne, przek\u0142ada si\u0119 w ograniczenie mentalne, granice hybrydowe. Granica \u015bwiadomo\u015bci, rzeczywisto\u015b\u0107, sen, pod\u015bwiadomo\u015b\u0107, technologia, czas. Te\u017c obecnie trwaj\u0105ca wojna. Izolacja, ucieczka, zamkni\u0119cie, tajemnica. Granica ta\u015bm. Ogrodzenia, formy, szablony. Niemo\u017cno\u015b\u0107 swobodnego poruszania si\u0119 ogranicza mnie w kontaktach spo\u0142ecznych. Dlatego szukam innych metod komunikacji ze \u015bwiatem zewn\u0119trznym poprzez moje malarstwo. Swoj\u0105 prac\u0105 reaguj\u0119 na ci\u0105g wydarze\u0144 przed i po dniu dzisiejszym, zar\u00f3wno z materialnego, jak i technologicznego punktu widzenia&#8221;.<\/em><\/p>\n\n\n\n<p>P\u0142\u00f3tno, foto, papier, karton, spray &#8211; to media, w kt\u00f3rych ze swobod\u0105 porusza si\u0119 Neupauer i tworzy swoje wielokrotnie z\u0142o\u017cone strukturalnie \u015bwiaty. Jak sam m\u00f3wi:<em>\u00a0&#8220;Interesuje mnie ingerencja technologii i jej zastosowa\u0144 w codzienne \u017cycie cz\u0142owieka. Pozornie trwa\u0142a, omal\u017ce wieczna i pozornie nie\u015bmiertelna technologia AI, w kontra\u015bcie do nietrwa\u0142o\u015bci \u017cywno\u015bci, kt\u00f3ra stanowi nasz, ludzki sk\u0142adnik. Licz\u0119 na nawi\u0105zanie dialogu z odbiorc\u0105 mojej sztuki&#8221;.<\/em><\/p>\n","protected":false},"excerpt":{"rendered":"<p>Zapraszamy na wernisa\u017c wystawy malarstwa Rolanda Neupauera &#8211; HRANICA.10 lutego 2024, godz. 18:00, wst\u0119p wolny. Na wystaw\u0119 w uznanej w \u015bwiatowej skali i ju\u017c dzi\u015b kultowej Galerii Sztuki Wsp\u00f3\u0142czesnej Krzysztofa Mazika &#8220;INNY \u015aL\u0104SK&#8221;, z\u0142o\u017cy si\u0119 kilkana\u015bcie obraz\u00f3w na p\u0142\u00f3tnach r\u00f3\u017cnego formatu i kszta\u0142tu, w technice nawi\u0105zuj\u0105cej do tape art, z wykorzystaniem farb akrylowych i r\u00f3\u017cnorakich [&hellip;]<\/p>\n","protected":false},"author":1,"featured_media":0,"comment_status":"open","ping_status":"open","sticky":false,"template":"","format":"standard","meta":{"om_disable_all_campaigns":false,"_monsterinsights_skip_tracking":false,"_monsterinsights_sitenote_active":false,"_monsterinsights_sitenote_note":"","_monsterinsights_sitenote_category":0,"footnotes":""},"categories":[1],"tags":[],"class_list":["post-268","post","type-post","status-publish","format-standard","hentry","category-bez-kategorii"],"aioseo_notices":[],"_links":{"self":[{"href":"https:\/\/innyslask.pl\/index.php?rest_route=\/wp\/v2\/posts\/268","targetHints":{"allow":["GET"]}}],"collection":[{"href":"https:\/\/innyslask.pl\/index.php?rest_route=\/wp\/v2\/posts"}],"about":[{"href":"https:\/\/innyslask.pl\/index.php?rest_route=\/wp\/v2\/types\/post"}],"author":[{"embeddable":true,"href":"https:\/\/innyslask.pl\/index.php?rest_route=\/wp\/v2\/users\/1"}],"replies":[{"embeddable":true,"href":"https:\/\/innyslask.pl\/index.php?rest_route=%2Fwp%2Fv2%2Fcomments&post=268"}],"version-history":[{"count":2,"href":"https:\/\/innyslask.pl\/index.php?rest_route=\/wp\/v2\/posts\/268\/revisions"}],"predecessor-version":[{"id":272,"href":"https:\/\/innyslask.pl\/index.php?rest_route=\/wp\/v2\/posts\/268\/revisions\/272"}],"wp:attachment":[{"href":"https:\/\/innyslask.pl\/index.php?rest_route=%2Fwp%2Fv2%2Fmedia&parent=268"}],"wp:term":[{"taxonomy":"category","embeddable":true,"href":"https:\/\/innyslask.pl\/index.php?rest_route=%2Fwp%2Fv2%2Fcategories&post=268"},{"taxonomy":"post_tag","embeddable":true,"href":"https:\/\/innyslask.pl\/index.php?rest_route=%2Fwp%2Fv2%2Ftags&post=268"}],"curies":[{"name":"wp","href":"https:\/\/api.w.org\/{rel}","templated":true}]}}