{"id":287,"date":"2024-05-22T10:52:04","date_gmt":"2024-05-22T08:52:04","guid":{"rendered":"https:\/\/innyslask.pl\/?p=287"},"modified":"2024-05-22T10:52:05","modified_gmt":"2024-05-22T08:52:05","slug":"koncert-w-galerii","status":"publish","type":"post","link":"https:\/\/innyslask.pl\/?p=287","title":{"rendered":"Koncert w Galerii"},"content":{"rendered":"\n<p class=\"has-luminous-vivid-amber-background-color has-background has-large-font-size\">Galeria Sztuki INNY \u015aL\u0104SK oraz Patryk Zdebik z zespo\u0142em przyjaci\u00f3\u0142 jazzman\u00f3w zapraszaj\u0105 po p\u00f3\u0142rocznej przerwie na koncert w galerii 24 maja (pi\u0105tek) o godz. 19.30. Bilety 20 z\u0142. Zapraszamy serdecznie!<\/p>\n","protected":false},"excerpt":{"rendered":"<p>Galeria Sztuki INNY \u015aL\u0104SK oraz Patryk Zdebik z zespo\u0142em przyjaci\u00f3\u0142 jazzman\u00f3w zapraszaj\u0105 po p\u00f3\u0142rocznej przerwie na koncert w galerii 24 maja (pi\u0105tek) o godz. 19.30. Bilety 20 z\u0142. Zapraszamy serdecznie!<\/p>\n","protected":false},"author":1,"featured_media":0,"comment_status":"open","ping_status":"open","sticky":false,"template":"","format":"standard","meta":{"om_disable_all_campaigns":false,"_monsterinsights_skip_tracking":false,"_monsterinsights_sitenote_active":false,"_monsterinsights_sitenote_note":"","_monsterinsights_sitenote_category":0,"footnotes":""},"categories":[1],"tags":[],"class_list":["post-287","post","type-post","status-publish","format-standard","hentry","category-bez-kategorii"],"aioseo_notices":[],"_links":{"self":[{"href":"https:\/\/innyslask.pl\/index.php?rest_route=\/wp\/v2\/posts\/287","targetHints":{"allow":["GET"]}}],"collection":[{"href":"https:\/\/innyslask.pl\/index.php?rest_route=\/wp\/v2\/posts"}],"about":[{"href":"https:\/\/innyslask.pl\/index.php?rest_route=\/wp\/v2\/types\/post"}],"author":[{"embeddable":true,"href":"https:\/\/innyslask.pl\/index.php?rest_route=\/wp\/v2\/users\/1"}],"replies":[{"embeddable":true,"href":"https:\/\/innyslask.pl\/index.php?rest_route=%2Fwp%2Fv2%2Fcomments&post=287"}],"version-history":[{"count":1,"href":"https:\/\/innyslask.pl\/index.php?rest_route=\/wp\/v2\/posts\/287\/revisions"}],"predecessor-version":[{"id":288,"href":"https:\/\/innyslask.pl\/index.php?rest_route=\/wp\/v2\/posts\/287\/revisions\/288"}],"wp:attachment":[{"href":"https:\/\/innyslask.pl\/index.php?rest_route=%2Fwp%2Fv2%2Fmedia&parent=287"}],"wp:term":[{"taxonomy":"category","embeddable":true,"href":"https:\/\/innyslask.pl\/index.php?rest_route=%2Fwp%2Fv2%2Fcategories&post=287"},{"taxonomy":"post_tag","embeddable":true,"href":"https:\/\/innyslask.pl\/index.php?rest_route=%2Fwp%2Fv2%2Ftags&post=287"}],"curies":[{"name":"wp","href":"https:\/\/api.w.org\/{rel}","templated":true}]}}