{"id":304,"date":"2024-08-17T21:43:03","date_gmt":"2024-08-17T19:43:03","guid":{"rendered":"https:\/\/innyslask.pl\/?p=304"},"modified":"2024-08-17T21:43:04","modified_gmt":"2024-08-17T19:43:04","slug":"plakat-gwarecki-tekla","status":"publish","type":"post","link":"https:\/\/innyslask.pl\/?p=304","title":{"rendered":"Plakat Gwarecki + TEKLA"},"content":{"rendered":"\n<p>Cho\u0107 na \u015bcianach Galerii do ko\u0144ca sierpnia jeszcze pi\u0119kna wystawa Janiny Janickiej-Grabowskiej, ju\u017c anonsujemy kolejn\u0105 ekspozycj\u0119 &#8211; 6 wrze\u015bnia (pi\u0105tek) o godz. 22:00 otworzymy wystaw\u0119 Plakatu Gwareckiego! <br>Wyst\u0105pi r\u00f3wnie\u017c zesp\u00f3\u0142 TEKLA &#8211; Tarnog\u00f3rska Elektroniczna Kapela Ludowa w sk\u0142adzie:<\/p>\n\n\n\n<p>Mateusz Adamczyk &#8211; skrzypce<br>Krzysztof Mika &#8211; perkusja<br>Pawe\u0142 &#8220;Muzzy&#8221; Mikosz &#8211; kontrabas<br><strong>Bilety 40 z\u0142, zapraszamy serdecznie!<\/strong><\/p>\n\n\n\n<figure class=\"wp-block-image size-large\"><img loading=\"lazy\" decoding=\"async\" width=\"768\" height=\"1024\" src=\"https:\/\/innyslask.pl\/wp-content\/uploads\/2024\/08\/WhatsApp-Image-2024-08-17-at-21.32.06-768x1024.jpeg\" alt=\"\" class=\"wp-image-305\" srcset=\"https:\/\/innyslask.pl\/wp-content\/uploads\/2024\/08\/WhatsApp-Image-2024-08-17-at-21.32.06-768x1024.jpeg 768w, https:\/\/innyslask.pl\/wp-content\/uploads\/2024\/08\/WhatsApp-Image-2024-08-17-at-21.32.06-225x300.jpeg 225w, https:\/\/innyslask.pl\/wp-content\/uploads\/2024\/08\/WhatsApp-Image-2024-08-17-at-21.32.06-1152x1536.jpeg 1152w, https:\/\/innyslask.pl\/wp-content\/uploads\/2024\/08\/WhatsApp-Image-2024-08-17-at-21.32.06.jpeg 1536w\" sizes=\"auto, (max-width: 768px) 100vw, 768px\" \/><\/figure>\n","protected":false},"excerpt":{"rendered":"<p>Cho\u0107 na \u015bcianach Galerii do ko\u0144ca sierpnia jeszcze pi\u0119kna wystawa Janiny Janickiej-Grabowskiej, ju\u017c anonsujemy kolejn\u0105 ekspozycj\u0119 &#8211; 6 wrze\u015bnia (pi\u0105tek) o godz. 22:00 otworzymy wystaw\u0119 Plakatu Gwareckiego! Wyst\u0105pi r\u00f3wnie\u017c zesp\u00f3\u0142 TEKLA &#8211; Tarnog\u00f3rska Elektroniczna Kapela Ludowa w sk\u0142adzie: Mateusz Adamczyk &#8211; skrzypceKrzysztof Mika &#8211; perkusjaPawe\u0142 &#8220;Muzzy&#8221; Mikosz &#8211; kontrabasBilety 40 z\u0142, zapraszamy serdecznie!<\/p>\n","protected":false},"author":1,"featured_media":0,"comment_status":"open","ping_status":"open","sticky":false,"template":"","format":"standard","meta":{"om_disable_all_campaigns":false,"_monsterinsights_skip_tracking":false,"_monsterinsights_sitenote_active":false,"_monsterinsights_sitenote_note":"","_monsterinsights_sitenote_category":0,"footnotes":""},"categories":[1],"tags":[],"class_list":["post-304","post","type-post","status-publish","format-standard","hentry","category-bez-kategorii"],"aioseo_notices":[],"_links":{"self":[{"href":"https:\/\/innyslask.pl\/index.php?rest_route=\/wp\/v2\/posts\/304","targetHints":{"allow":["GET"]}}],"collection":[{"href":"https:\/\/innyslask.pl\/index.php?rest_route=\/wp\/v2\/posts"}],"about":[{"href":"https:\/\/innyslask.pl\/index.php?rest_route=\/wp\/v2\/types\/post"}],"author":[{"embeddable":true,"href":"https:\/\/innyslask.pl\/index.php?rest_route=\/wp\/v2\/users\/1"}],"replies":[{"embeddable":true,"href":"https:\/\/innyslask.pl\/index.php?rest_route=%2Fwp%2Fv2%2Fcomments&post=304"}],"version-history":[{"count":1,"href":"https:\/\/innyslask.pl\/index.php?rest_route=\/wp\/v2\/posts\/304\/revisions"}],"predecessor-version":[{"id":306,"href":"https:\/\/innyslask.pl\/index.php?rest_route=\/wp\/v2\/posts\/304\/revisions\/306"}],"wp:attachment":[{"href":"https:\/\/innyslask.pl\/index.php?rest_route=%2Fwp%2Fv2%2Fmedia&parent=304"}],"wp:term":[{"taxonomy":"category","embeddable":true,"href":"https:\/\/innyslask.pl\/index.php?rest_route=%2Fwp%2Fv2%2Fcategories&post=304"},{"taxonomy":"post_tag","embeddable":true,"href":"https:\/\/innyslask.pl\/index.php?rest_route=%2Fwp%2Fv2%2Ftags&post=304"}],"curies":[{"name":"wp","href":"https:\/\/api.w.org\/{rel}","templated":true}]}}