{"id":308,"date":"2024-09-10T22:08:58","date_gmt":"2024-09-10T20:08:58","guid":{"rendered":"https:\/\/innyslask.pl\/?p=308"},"modified":"2024-09-10T22:10:24","modified_gmt":"2024-09-10T20:10:24","slug":"fotorelacja-z-koncertu-tekli","status":"publish","type":"post","link":"https:\/\/innyslask.pl\/?p=308","title":{"rendered":"Fotorelacja z koncertu TEKLI"},"content":{"rendered":"\n<p>6\/09\/2024 &#8211; Gwarki w Galerii &#8211; Fotorelacja z otwarcia wystawy plakatu Gwareckiego oraz koncertu zespo\u0142u TEKLA. Autor zdj\u0119\u0107: Marcin Paruzel<\/p>\n\n\n\n<figure class=\"wp-block-image size-large\"><img loading=\"lazy\" decoding=\"async\" width=\"1024\" height=\"763\" src=\"https:\/\/innyslask.pl\/wp-content\/uploads\/2024\/09\/DSC_3964-1024x763.jpg\" alt=\"\" class=\"wp-image-320\" srcset=\"https:\/\/innyslask.pl\/wp-content\/uploads\/2024\/09\/DSC_3964-1024x763.jpg 1024w, https:\/\/innyslask.pl\/wp-content\/uploads\/2024\/09\/DSC_3964-300x224.jpg 300w, https:\/\/innyslask.pl\/wp-content\/uploads\/2024\/09\/DSC_3964-768x573.jpg 768w, https:\/\/innyslask.pl\/wp-content\/uploads\/2024\/09\/DSC_3964-1536x1145.jpg 1536w, https:\/\/innyslask.pl\/wp-content\/uploads\/2024\/09\/DSC_3964.jpg 1800w\" sizes=\"auto, (max-width: 1024px) 100vw, 1024px\" \/><\/figure>\n\n\n\n<figure class=\"wp-block-image size-large\"><img loading=\"lazy\" decoding=\"async\" width=\"1024\" height=\"683\" src=\"https:\/\/innyslask.pl\/wp-content\/uploads\/2024\/09\/DSC_3979-1024x683.jpg\" alt=\"\" class=\"wp-image-311\" srcset=\"https:\/\/innyslask.pl\/wp-content\/uploads\/2024\/09\/DSC_3979-1024x683.jpg 1024w, https:\/\/innyslask.pl\/wp-content\/uploads\/2024\/09\/DSC_3979-300x200.jpg 300w, https:\/\/innyslask.pl\/wp-content\/uploads\/2024\/09\/DSC_3979-768x512.jpg 768w, https:\/\/innyslask.pl\/wp-content\/uploads\/2024\/09\/DSC_3979-1536x1024.jpg 1536w, https:\/\/innyslask.pl\/wp-content\/uploads\/2024\/09\/DSC_3979.jpg 1800w\" sizes=\"auto, (max-width: 1024px) 100vw, 1024px\" \/><\/figure>\n\n\n\n<figure class=\"wp-block-image size-large\"><img loading=\"lazy\" decoding=\"async\" width=\"1024\" height=\"683\" src=\"https:\/\/innyslask.pl\/wp-content\/uploads\/2024\/09\/DSC_3973-1024x683.jpg\" alt=\"\" class=\"wp-image-310\" srcset=\"https:\/\/innyslask.pl\/wp-content\/uploads\/2024\/09\/DSC_3973-1024x683.jpg 1024w, https:\/\/innyslask.pl\/wp-content\/uploads\/2024\/09\/DSC_3973-300x200.jpg 300w, https:\/\/innyslask.pl\/wp-content\/uploads\/2024\/09\/DSC_3973-768x512.jpg 768w, https:\/\/innyslask.pl\/wp-content\/uploads\/2024\/09\/DSC_3973-1536x1024.jpg 1536w, https:\/\/innyslask.pl\/wp-content\/uploads\/2024\/09\/DSC_3973.jpg 1800w\" sizes=\"auto, (max-width: 1024px) 100vw, 1024px\" \/><\/figure>\n\n\n\n<figure class=\"wp-block-image size-large\"><img loading=\"lazy\" decoding=\"async\" width=\"1024\" height=\"683\" src=\"https:\/\/innyslask.pl\/wp-content\/uploads\/2024\/09\/DSC_3977-1024x683.jpg\" alt=\"\" class=\"wp-image-319\" srcset=\"https:\/\/innyslask.pl\/wp-content\/uploads\/2024\/09\/DSC_3977-1024x683.jpg 1024w, https:\/\/innyslask.pl\/wp-content\/uploads\/2024\/09\/DSC_3977-300x200.jpg 300w, https:\/\/innyslask.pl\/wp-content\/uploads\/2024\/09\/DSC_3977-768x512.jpg 768w, https:\/\/innyslask.pl\/wp-content\/uploads\/2024\/09\/DSC_3977-1536x1024.jpg 1536w, https:\/\/innyslask.pl\/wp-content\/uploads\/2024\/09\/DSC_3977.jpg 1800w\" sizes=\"auto, (max-width: 1024px) 100vw, 1024px\" \/><\/figure>\n\n\n\n<figure class=\"wp-block-image size-large\"><img loading=\"lazy\" decoding=\"async\" width=\"683\" height=\"1024\" src=\"https:\/\/innyslask.pl\/wp-content\/uploads\/2024\/09\/DSC_3971-683x1024.jpg\" alt=\"\" class=\"wp-image-314\" srcset=\"https:\/\/innyslask.pl\/wp-content\/uploads\/2024\/09\/DSC_3971-683x1024.jpg 683w, https:\/\/innyslask.pl\/wp-content\/uploads\/2024\/09\/DSC_3971-200x300.jpg 200w, https:\/\/innyslask.pl\/wp-content\/uploads\/2024\/09\/DSC_3971-768x1152.jpg 768w, https:\/\/innyslask.pl\/wp-content\/uploads\/2024\/09\/DSC_3971-1024x1536.jpg 1024w, https:\/\/innyslask.pl\/wp-content\/uploads\/2024\/09\/DSC_3971.jpg 1200w\" sizes=\"auto, (max-width: 683px) 100vw, 683px\" \/><\/figure>\n\n\n\n<figure class=\"wp-block-image size-large\"><img loading=\"lazy\" decoding=\"async\" width=\"683\" height=\"1024\" src=\"https:\/\/innyslask.pl\/wp-content\/uploads\/2024\/09\/DSC_3959-683x1024.jpg\" alt=\"\" class=\"wp-image-313\" srcset=\"https:\/\/innyslask.pl\/wp-content\/uploads\/2024\/09\/DSC_3959-683x1024.jpg 683w, https:\/\/innyslask.pl\/wp-content\/uploads\/2024\/09\/DSC_3959-200x300.jpg 200w, https:\/\/innyslask.pl\/wp-content\/uploads\/2024\/09\/DSC_3959-768x1152.jpg 768w, https:\/\/innyslask.pl\/wp-content\/uploads\/2024\/09\/DSC_3959-1024x1536.jpg 1024w, https:\/\/innyslask.pl\/wp-content\/uploads\/2024\/09\/DSC_3959.jpg 1200w\" sizes=\"auto, (max-width: 683px) 100vw, 683px\" \/><\/figure>\n\n\n\n<figure class=\"wp-block-image size-large\"><img loading=\"lazy\" decoding=\"async\" width=\"683\" height=\"1024\" src=\"https:\/\/innyslask.pl\/wp-content\/uploads\/2024\/09\/DSC_3957-683x1024.jpg\" alt=\"\" class=\"wp-image-315\" srcset=\"https:\/\/innyslask.pl\/wp-content\/uploads\/2024\/09\/DSC_3957-683x1024.jpg 683w, https:\/\/innyslask.pl\/wp-content\/uploads\/2024\/09\/DSC_3957-200x300.jpg 200w, https:\/\/innyslask.pl\/wp-content\/uploads\/2024\/09\/DSC_3957-768x1152.jpg 768w, https:\/\/innyslask.pl\/wp-content\/uploads\/2024\/09\/DSC_3957-1024x1536.jpg 1024w, https:\/\/innyslask.pl\/wp-content\/uploads\/2024\/09\/DSC_3957.jpg 1200w\" sizes=\"auto, (max-width: 683px) 100vw, 683px\" \/><\/figure>\n\n\n\n<figure class=\"wp-block-image size-large\"><img loading=\"lazy\" decoding=\"async\" width=\"683\" height=\"1024\" src=\"https:\/\/innyslask.pl\/wp-content\/uploads\/2024\/09\/DSC_3943-683x1024.jpg\" alt=\"\" class=\"wp-image-317\" srcset=\"https:\/\/innyslask.pl\/wp-content\/uploads\/2024\/09\/DSC_3943-683x1024.jpg 683w, https:\/\/innyslask.pl\/wp-content\/uploads\/2024\/09\/DSC_3943-200x300.jpg 200w, https:\/\/innyslask.pl\/wp-content\/uploads\/2024\/09\/DSC_3943-768x1152.jpg 768w, https:\/\/innyslask.pl\/wp-content\/uploads\/2024\/09\/DSC_3943-1024x1536.jpg 1024w, https:\/\/innyslask.pl\/wp-content\/uploads\/2024\/09\/DSC_3943.jpg 1200w\" sizes=\"auto, (max-width: 683px) 100vw, 683px\" \/><\/figure>\n\n\n\n<figure class=\"wp-block-image size-large\"><img loading=\"lazy\" decoding=\"async\" width=\"683\" height=\"1024\" src=\"https:\/\/innyslask.pl\/wp-content\/uploads\/2024\/09\/DSC_3956-683x1024.jpg\" alt=\"\" class=\"wp-image-318\" srcset=\"https:\/\/innyslask.pl\/wp-content\/uploads\/2024\/09\/DSC_3956-683x1024.jpg 683w, https:\/\/innyslask.pl\/wp-content\/uploads\/2024\/09\/DSC_3956-200x300.jpg 200w, https:\/\/innyslask.pl\/wp-content\/uploads\/2024\/09\/DSC_3956-768x1152.jpg 768w, https:\/\/innyslask.pl\/wp-content\/uploads\/2024\/09\/DSC_3956-1024x1536.jpg 1024w, https:\/\/innyslask.pl\/wp-content\/uploads\/2024\/09\/DSC_3956.jpg 1200w\" sizes=\"auto, (max-width: 683px) 100vw, 683px\" \/><\/figure>\n\n\n\n<figure class=\"wp-block-image size-large\"><img loading=\"lazy\" decoding=\"async\" width=\"683\" height=\"1024\" src=\"https:\/\/innyslask.pl\/wp-content\/uploads\/2024\/09\/DSC_3944-683x1024.jpg\" alt=\"\" class=\"wp-image-316\" srcset=\"https:\/\/innyslask.pl\/wp-content\/uploads\/2024\/09\/DSC_3944-683x1024.jpg 683w, https:\/\/innyslask.pl\/wp-content\/uploads\/2024\/09\/DSC_3944-200x300.jpg 200w, https:\/\/innyslask.pl\/wp-content\/uploads\/2024\/09\/DSC_3944-768x1152.jpg 768w, https:\/\/innyslask.pl\/wp-content\/uploads\/2024\/09\/DSC_3944-1024x1536.jpg 1024w, https:\/\/innyslask.pl\/wp-content\/uploads\/2024\/09\/DSC_3944.jpg 1200w\" sizes=\"auto, (max-width: 683px) 100vw, 683px\" \/><\/figure>\n\n\n\n<figure class=\"wp-block-image size-large\"><img loading=\"lazy\" decoding=\"async\" width=\"683\" height=\"1024\" src=\"https:\/\/innyslask.pl\/wp-content\/uploads\/2024\/09\/DSC_3958-683x1024.jpg\" alt=\"\" class=\"wp-image-309\" srcset=\"https:\/\/innyslask.pl\/wp-content\/uploads\/2024\/09\/DSC_3958-683x1024.jpg 683w, https:\/\/innyslask.pl\/wp-content\/uploads\/2024\/09\/DSC_3958-200x300.jpg 200w, https:\/\/innyslask.pl\/wp-content\/uploads\/2024\/09\/DSC_3958-768x1152.jpg 768w, https:\/\/innyslask.pl\/wp-content\/uploads\/2024\/09\/DSC_3958-1024x1536.jpg 1024w, https:\/\/innyslask.pl\/wp-content\/uploads\/2024\/09\/DSC_3958.jpg 1200w\" sizes=\"auto, (max-width: 683px) 100vw, 683px\" \/><\/figure>\n","protected":false},"excerpt":{"rendered":"<p>6\/09\/2024 &#8211; Gwarki w Galerii &#8211; Fotorelacja z otwarcia wystawy plakatu Gwareckiego oraz koncertu zespo\u0142u TEKLA. Autor zdj\u0119\u0107: Marcin Paruzel<\/p>\n","protected":false},"author":1,"featured_media":0,"comment_status":"open","ping_status":"open","sticky":false,"template":"","format":"standard","meta":{"om_disable_all_campaigns":false,"_monsterinsights_skip_tracking":false,"_monsterinsights_sitenote_active":false,"_monsterinsights_sitenote_note":"","_monsterinsights_sitenote_category":0,"footnotes":""},"categories":[1],"tags":[],"class_list":["post-308","post","type-post","status-publish","format-standard","hentry","category-bez-kategorii"],"aioseo_notices":[],"_links":{"self":[{"href":"https:\/\/innyslask.pl\/index.php?rest_route=\/wp\/v2\/posts\/308","targetHints":{"allow":["GET"]}}],"collection":[{"href":"https:\/\/innyslask.pl\/index.php?rest_route=\/wp\/v2\/posts"}],"about":[{"href":"https:\/\/innyslask.pl\/index.php?rest_route=\/wp\/v2\/types\/post"}],"author":[{"embeddable":true,"href":"https:\/\/innyslask.pl\/index.php?rest_route=\/wp\/v2\/users\/1"}],"replies":[{"embeddable":true,"href":"https:\/\/innyslask.pl\/index.php?rest_route=%2Fwp%2Fv2%2Fcomments&post=308"}],"version-history":[{"count":2,"href":"https:\/\/innyslask.pl\/index.php?rest_route=\/wp\/v2\/posts\/308\/revisions"}],"predecessor-version":[{"id":324,"href":"https:\/\/innyslask.pl\/index.php?rest_route=\/wp\/v2\/posts\/308\/revisions\/324"}],"wp:attachment":[{"href":"https:\/\/innyslask.pl\/index.php?rest_route=%2Fwp%2Fv2%2Fmedia&parent=308"}],"wp:term":[{"taxonomy":"category","embeddable":true,"href":"https:\/\/innyslask.pl\/index.php?rest_route=%2Fwp%2Fv2%2Fcategories&post=308"},{"taxonomy":"post_tag","embeddable":true,"href":"https:\/\/innyslask.pl\/index.php?rest_route=%2Fwp%2Fv2%2Ftags&post=308"}],"curies":[{"name":"wp","href":"https:\/\/api.w.org\/{rel}","templated":true}]}}