{"id":325,"date":"2024-09-10T22:16:27","date_gmt":"2024-09-10T20:16:27","guid":{"rendered":"https:\/\/innyslask.pl\/?p=325"},"modified":"2024-09-10T22:16:28","modified_gmt":"2024-09-10T20:16:28","slug":"paula-wolski-miod-zapowiedz-koncertu","status":"publish","type":"post","link":"https:\/\/innyslask.pl\/?p=325","title":{"rendered":"Paula Wolski &amp; Mi\u00f3d &#8211; zapowied\u017a koncertu"},"content":{"rendered":"\n<p><strong>21 wrze\u015bnia \/sobota\/ godz 19:30 &#8211; zapraszamy serdecznie!<\/strong><\/p>\n\n\n\n<p>Paula Wolski &amp; MI\u00d3D powraca do Galerii Inny \u015al\u0105sk!<\/p>\n\n\n\n<p>PAULA WOLSKI &amp; MI\u00d3D to projekt trzech kobiet, \u0142\u0105cz\u0105cy autorski fi\u0144skoj\u0119zyczny folk z najpi\u0119kniejszymi, nieoczywistymi per\u0142ami americany. PAULA WOLSKI jest fi\u0144sk\u0105 piosenkark\u0105, kt\u00f3ra, przed powrotem do swojej ojczyzny w 2022 r., sp\u0119dzi\u0142a prawie 15 lat w Polsce, dzia\u0142aj\u0105c przez wiele lat na scenie muzycznej w Krakowie. Jej autorskie piosenki, \u015bpiewane po fi\u0144sku, s\u0105 subteln\u0105 i koj\u0105c\u0105 mieszank\u0105 americany z fi\u0144skim folkiem, a jej debiutancka solowa p\u0142yta &#8220;Lato&#8221;, zosta\u0142a nagrana w Bieszczadach i ukaza\u0142a si\u0119 w listopadzie 2020 r. Po powrocie do swojej ojczyzny wyst\u0105pi\u0142a w Finlandii m.in. na festiwalach Rootsinpyht\u00e4\u00e4 Bluegrass, Kaustinen Folk Music Festival oraz Helsinki Folk Festival.<\/p>\n\n\n\n<p>Od 2021 r. wsp\u00f3\u0142pracuje z MIODEM &#8211; zespo\u0142em si\u00f3str Aleksandry Luberdy i Alicji St\u0119pniak, wyst\u0119puj\u0105cych wsp\u00f3lnie pod tym szyldem od 2020 roku. Ich brzmienie oparte jest na harmoniach wokalnych i akustycznych d\u017awi\u0119kach gitary i ukulele. Si\u0119gaj\u0105 najcz\u0119\u015bciej do muzyki folkowej, country i bluesa. W ich oryginalnym materiale s\u0142ycha\u0107 inspiracje polsk\u0105 poezj\u0105 \u015bpiewan\u0105 i artystami takimi jak Bu\u0142at Okud\u017cawa, Martyna Jakubowicz, Joni Mitchell czy Jorge Drexler.<\/p>\n\n\n\n<p>Sk\u0142ad zespo\u0142u:<br>Paula Wolski: \u015bpiew, ukulele koncertowe i barytonowe<br>Aleksandra Luberda: ch\u00f3rek, gitara akustyczna<br>Alicja St\u0119pniak: ch\u00f3rek, ukulele koncertowe<\/p>\n\n\n\n<figure class=\"wp-block-image size-large\"><img loading=\"lazy\" decoding=\"async\" width=\"1024\" height=\"682\" src=\"https:\/\/innyslask.pl\/wp-content\/uploads\/2024\/09\/DSC_5196-M.Zakrzewski-s-1024x682.jpg\" alt=\"\" class=\"wp-image-326\" srcset=\"https:\/\/innyslask.pl\/wp-content\/uploads\/2024\/09\/DSC_5196-M.Zakrzewski-s-1024x682.jpg 1024w, https:\/\/innyslask.pl\/wp-content\/uploads\/2024\/09\/DSC_5196-M.Zakrzewski-s-300x200.jpg 300w, https:\/\/innyslask.pl\/wp-content\/uploads\/2024\/09\/DSC_5196-M.Zakrzewski-s-768x511.jpg 768w, https:\/\/innyslask.pl\/wp-content\/uploads\/2024\/09\/DSC_5196-M.Zakrzewski-s.jpg 1200w\" sizes=\"auto, (max-width: 1024px) 100vw, 1024px\" \/><\/figure>\n","protected":false},"excerpt":{"rendered":"<p>21 wrze\u015bnia \/sobota\/ godz 19:30 &#8211; zapraszamy serdecznie! Paula Wolski &amp; MI\u00d3D powraca do Galerii Inny \u015al\u0105sk! PAULA WOLSKI &amp; MI\u00d3D to projekt trzech kobiet, \u0142\u0105cz\u0105cy autorski fi\u0144skoj\u0119zyczny folk z najpi\u0119kniejszymi, nieoczywistymi per\u0142ami americany. PAULA WOLSKI jest fi\u0144sk\u0105 piosenkark\u0105, kt\u00f3ra, przed powrotem do swojej ojczyzny w 2022 r., sp\u0119dzi\u0142a prawie 15 lat w Polsce, dzia\u0142aj\u0105c [&hellip;]<\/p>\n","protected":false},"author":1,"featured_media":0,"comment_status":"open","ping_status":"open","sticky":false,"template":"","format":"standard","meta":{"om_disable_all_campaigns":false,"_monsterinsights_skip_tracking":false,"_monsterinsights_sitenote_active":false,"_monsterinsights_sitenote_note":"","_monsterinsights_sitenote_category":0,"footnotes":""},"categories":[1],"tags":[],"class_list":["post-325","post","type-post","status-publish","format-standard","hentry","category-bez-kategorii"],"aioseo_notices":[],"_links":{"self":[{"href":"https:\/\/innyslask.pl\/index.php?rest_route=\/wp\/v2\/posts\/325","targetHints":{"allow":["GET"]}}],"collection":[{"href":"https:\/\/innyslask.pl\/index.php?rest_route=\/wp\/v2\/posts"}],"about":[{"href":"https:\/\/innyslask.pl\/index.php?rest_route=\/wp\/v2\/types\/post"}],"author":[{"embeddable":true,"href":"https:\/\/innyslask.pl\/index.php?rest_route=\/wp\/v2\/users\/1"}],"replies":[{"embeddable":true,"href":"https:\/\/innyslask.pl\/index.php?rest_route=%2Fwp%2Fv2%2Fcomments&post=325"}],"version-history":[{"count":1,"href":"https:\/\/innyslask.pl\/index.php?rest_route=\/wp\/v2\/posts\/325\/revisions"}],"predecessor-version":[{"id":327,"href":"https:\/\/innyslask.pl\/index.php?rest_route=\/wp\/v2\/posts\/325\/revisions\/327"}],"wp:attachment":[{"href":"https:\/\/innyslask.pl\/index.php?rest_route=%2Fwp%2Fv2%2Fmedia&parent=325"}],"wp:term":[{"taxonomy":"category","embeddable":true,"href":"https:\/\/innyslask.pl\/index.php?rest_route=%2Fwp%2Fv2%2Fcategories&post=325"},{"taxonomy":"post_tag","embeddable":true,"href":"https:\/\/innyslask.pl\/index.php?rest_route=%2Fwp%2Fv2%2Ftags&post=325"}],"curies":[{"name":"wp","href":"https:\/\/api.w.org\/{rel}","templated":true}]}}